{"id":1837,"date":"2022-06-15T11:41:00","date_gmt":"2022-06-15T11:41:00","guid":{"rendered":"https:\/\/www.irwmm.org\/en\/?p=1837"},"modified":"2022-07-10T10:35:52","modified_gmt":"2022-07-10T10:35:52","slug":"the-amnesty-international-austrias-report-of-from-evin-with-love-exposition-in-vienna","status":"publish","type":"post","link":"https:\/\/www.irwmm.org\/en\/the-amnesty-international-austrias-report-of-from-evin-with-love-exposition-in-vienna\/","title":{"rendered":"The Amnesty International Austria&#8217;s report of &#8220;From Evin with Love&#8221; exposition in Vienna"},"content":{"rendered":"\n<p>FROM EVIN WITH LOVE: NACHLESE ZUR AUSSTELLUNG<\/p>\n\n\n\n<p><strong>Ber\u00fchrend, verst\u00f6rend und jedenfalls ungew\u00f6hnlich war die im Mai im Wiener Volkskundemuseum gezeigte Ausstellung&nbsp;<em>From Evin with Love<\/em>. Sie zeigte handwerkliche Arbeiten inhaftierter Frauen im ber\u00fcchtigten Teheraner Gef\u00e4ngnis.<\/strong><\/p>\n\n\n\n<div class=\"wp-block-buttons is-layout-flex wp-block-buttons-is-layout-flex\">\n<div class=\"wp-block-button aligncenter has-custom-font-size is-style-fill has-medium-font-size\"><a class=\"wp-block-button__link\" href=\"https:\/\/www.amnesty.at\/media\/9858\/aktivistin_2_2022.pdf\" style=\"border-radius:17px\" target=\"_blank\" rel=\"noreferrer noopener\">PDF version<\/a><\/div>\n<\/div>\n\n\n\n<p>Unspektakul\u00e4r bietet sich der Saal mit den Exponaten auf den ersten Blick dar. Eine Reihe von Tischen im exakt gleichen Abstand. Auf ihnen graue Pappschachteln, deren Inhalt sich erst bei n\u00e4herer Betrachtung erschlie\u00dft. Hier eine gestrickte Puppe, ein kleines T\u00e4schchen, da ein kalligraphischer Text, ein geschnitztes Kunstwerk, &#8230; Dazu klein der Name der Frau und der Grund ihrer Verurteilung.<br>Die Ausstellung zeigt Arbeiten von mutigen Frauen, die wegen ihres Einsatzes f\u00fcr Gerechtigkeit, f\u00fcr Menschenrechte und politische Reformen zu langj\u00e4hrigen Haftstrafen verurteilt wurden. Die meisten von ihnen waren oder sind noch im Evin-Gef\u00e4ngnis in Teheran inhaftiert. In den langen Jahren ihrer Haft leiden die Frauen besonders unter der Trennung von ihren Familien, von den oft noch sehr jungen Kindern, die sie nur selten sehen d\u00fcrfen. Ihren Schmerz, ihre Sehnsucht, ihre Liebe n\u00e4hen, weben, sticken, kleben und schreiben sie ein in Gegenst\u00e4nde, die sie ihren Lieben \u00fcberreichen oder schicken k\u00f6nnen.<\/p>\n\n\n\n<p>Diese Zeichen der Verbundenheit und der Liebe sind gleichzeitig Zeichen der Hoffnung, der St\u00e4rke und der sch\u00f6pferischen Kreativit\u00e4t der inhaftierten Frauen.<br>Die Ausstellung<em>&nbsp;From Evin with Love<\/em>&nbsp;wurde vom&nbsp;<em>Museum of Iranian Women\u2019s Movement<\/em>&nbsp;erarbeitet. Das Museum der iranischen Frauenbewegung erforscht und dokumentiert seit etwa zehn Jahren die Geschichte von Frauen und der Frauenbewegung im Iran.<\/p>\n\n\n\n<p>Eine der Gr\u00fcnderinnen des Movements ist die iranische Menschenrechtsaktivistin&nbsp;<strong>Mansoureh Shojaee&nbsp;<\/strong>(Bild oben \/\u00a9 Paula Sieber). Sie ver\u00f6ffentlicht Biografien und Dokumente, die Zeugnis ablegen vom Leben der Frauen im heutigen Iran, auch im Gef\u00e4ngnisalltag politischer Gefangener. Sie organisiert Veranstaltungen und sammelt literarische und k\u00fcnstlerische Werke. Sie ist gemeinsam mit Parastou Forouhar Kuratorin der Ausstellung&nbsp;<em>From Evin with Love<\/em>. Das&nbsp;<em>Museum Of Iranian Women\u2019s Movement<\/em>&nbsp;hat diese Gegenst\u00e4nde in jahrelanger Recherchearbeit zusammengetragen, ihre Geschichte und die Biografie der betroffenen Frauen erforscht.<br>Begleitet wurde die Ausstellung im Volkskundemuseum von einigen Veranstaltungen, die M\u00f6glichkeiten mit Gespr\u00e4chen mit den Kuratorinnen, selbst Menschenrechtsaktivistinnen im Iran, boten. In Schulworkshops bastelten Jugendliche Gru\u00dfbotschaften To Evin with Love. Nicht wenige Besucher*innen, vor allem solche, die iranische Wurzeln hatten, verlie\u00dfen die Ausstellung mit Tr\u00e4nen in den Augen.<br>Am Infotisch des Amnesty-Netzwerks Frauenrechte konnten Petitionen f\u00fcr inhaftierte Frauen und die \u00d6sterreicher Kamran Ghaderi und Massud Mossaheb unterschrieben werden, die ebenfalls im Iran im Gef\u00e4ngnis sind.<\/p>\n\n\n\n<p>Besonders motivierten und freuten uns die pers\u00f6nlichen Begegnungen mit den Frauenrechtsaktivistinnen im Exil &#8211; mit den Kuratorinnen der Ausstellung Mansoureh Shojaee und Parastou Forouhar, sowie der Journalistin und Feministin Shiva Nazar Ahari.KUNSTHANDWERK AUS DEM GEF\u00c4NGNIS<\/p>\n\n\n\n<div class=\"wp-block-buttons is-layout-flex wp-block-buttons-is-layout-flex\">\n<div class=\"wp-block-button\"><a class=\"wp-block-button__link has-black-color has-luminous-vivid-amber-background-color has-text-color has-background\" href=\"https:\/\/www.amnesty.at\/%C3%BCber-amnesty\/aktivist-innen\/netzwerk-frauenrechte\/news-events\/from-evin-with-love-nachlese-zur-ausstellung\/\" target=\"_blank\" rel=\"noreferrer noopener\"><strong>Read more<\/strong><\/a><\/div>\n<\/div>\n\n\n\n<div style=\"height:100px\" aria-hidden=\"true\" class=\"wp-block-spacer\"><\/div>\n\n\n\n<hr class=\"wp-block-separator has-alpha-channel-opacity\"\/>\n\n\n\n<div class=\"wp-block-buttons is-layout-flex wp-block-buttons-is-layout-flex\">\n<div class=\"wp-block-button aligncenter\"><a class=\"wp-block-button__link\" href=\"https:\/\/mega.nz\/file\/xQEVCLhD#gfT21wEcLPyW11sELbaJsG1y4RS21x34WFnzmslWvN0\" target=\"_blank\" rel=\"noreferrer noopener\">PDF version<\/a><\/div>\n<\/div>\n\n\n\n<div style=\"height:100px\" aria-hidden=\"true\" class=\"wp-block-spacer\"><\/div>\n\n\n<a href=\"https:\/\/www.irwmm.org\/en\/wp-content\/uploads\/2022\/07\/1_PDFsam_aktivistin_2_2022_compressed.pdf\" class=\"pdfemb-viewer\" style=\"width:600px;height:700px;\" data-width=\"600\" data-height=\"700\" data-toolbar=\"bottom\" data-toolbar-fixed=\"on\">1_PDFsam_aktivistin_2_2022_compressed<\/a>\n<p class=\"wp-block-pdfemb-pdf-embedder-viewer\"><\/p>\n\n\n\n<div style=\"height:100px\" aria-hidden=\"true\" class=\"wp-block-spacer\"><\/div>\n\n\n\n<p><strong>About Fourth journey of the collection<\/strong> <strong>in Vienna:<\/strong><\/p>\n\n\n\n<figure class=\"wp-block-embed is-type-wp-embed is-provider-irwmm wp-block-embed-irwmm\"><div class=\"wp-block-embed__wrapper\">\n<blockquote class=\"wp-embedded-content\" data-secret=\"kGQCKkpGjK\"><a href=\"https:\/\/www.irwmm.org\/en\/austria-vienna-2022\/\">Austria, Vienna 2022<\/a><\/blockquote><iframe loading=\"lazy\" class=\"wp-embedded-content\" sandbox=\"allow-scripts\" security=\"restricted\" style=\"position: absolute; clip: rect(1px, 1px, 1px, 1px);\" title=\"&#8220;Austria, Vienna 2022&#8221; &#8212; IRWMM\" src=\"https:\/\/www.irwmm.org\/en\/austria-vienna-2022\/embed\/#?secret=qaGfuDIOnG#?secret=kGQCKkpGjK\" data-secret=\"kGQCKkpGjK\" width=\"600\" height=\"338\" frameborder=\"0\" marginwidth=\"0\" marginheight=\"0\" scrolling=\"no\"><\/iframe>\n<\/div><\/figure>\n","protected":false},"excerpt":{"rendered":"<p>Amnesty &#8211; The exhibition &#8220;From Evin with Love&#8221; in Vienna&#8217;s Folklore Museum in May, was touching, disturbing and in any case unusual. The exhibition presented handicrafts made by women, imprisoned in Tehran&#8217;s notorious prisons.<\/p>\n","protected":false},"author":1,"featured_media":1838,"comment_status":"open","ping_status":"closed","sticky":false,"template":"","format":"standard","meta":{"footnotes":""},"categories":[33],"tags":[58,57,45,46],"class_list":["post-1837","post","type-post","status-publish","format-standard","has-post-thumbnail","hentry","category-media","tag-amnesty","tag-amnesty-international","tag-from-evin-with-love","tag-vienna"],"yoast_head":"<!-- This site is optimized with the Yoast SEO plugin v27.4 - https:\/\/yoast.com\/product\/yoast-seo-wordpress\/ -->\n<title>The Amnesty International Austria&#039;s report of &quot;From Evin with Love&quot; exposition in Vienna - IRWMM<\/title>\n<meta name=\"robots\" content=\"index, follow, max-snippet:-1, max-image-preview:large, max-video-preview:-1\" \/>\n<link rel=\"canonical\" href=\"https:\/\/www.irwmm.org\/en\/the-amnesty-international-austrias-report-of-from-evin-with-love-exposition-in-vienna\/\" \/>\n<meta property=\"og:locale\" content=\"en_US\" \/>\n<meta property=\"og:type\" content=\"article\" \/>\n<meta property=\"og:title\" content=\"The Amnesty International Austria&#039;s report of &quot;From Evin with Love&quot; exposition in Vienna - IRWMM\" \/>\n<meta property=\"og:description\" content=\"Amnesty - The exhibition &quot;From Evin with Love&quot; in Vienna&#039;s Folklore Museum in May, was touching, disturbing and in any case unusual. The exhibition presented handicrafts made by women, imprisoned in Tehran&#039;s notorious prisons.\" \/>\n<meta property=\"og:url\" content=\"https:\/\/www.irwmm.org\/en\/the-amnesty-international-austrias-report-of-from-evin-with-love-exposition-in-vienna\/\" \/>\n<meta property=\"og:site_name\" content=\"IRWMM\" \/>\n<meta property=\"article:published_time\" content=\"2022-06-15T11:41:00+00:00\" \/>\n<meta property=\"article:modified_time\" content=\"2022-07-10T10:35:52+00:00\" \/>\n<meta property=\"og:image\" content=\"https:\/\/www.irwmm.org\/en\/wp-content\/uploads\/2022\/07\/Screenshot-2022-07-09-130611.png\" \/>\n\t<meta property=\"og:image:width\" content=\"785\" \/>\n\t<meta property=\"og:image:height\" content=\"520\" \/>\n\t<meta property=\"og:image:type\" content=\"image\/png\" \/>\n<meta name=\"author\" content=\"AL\" \/>\n<meta name=\"twitter:card\" content=\"summary_large_image\" \/>\n<meta name=\"twitter:label1\" content=\"Written by\" \/>\n\t<meta name=\"twitter:data1\" content=\"AL\" \/>\n\t<meta name=\"twitter:label2\" content=\"Est. reading time\" \/>\n\t<meta name=\"twitter:data2\" content=\"2 minutes\" \/>\n<script type=\"application\/ld+json\" class=\"yoast-schema-graph\">{\"@context\":\"https:\\\/\\\/schema.org\",\"@graph\":[{\"@type\":\"Article\",\"@id\":\"https:\\\/\\\/www.irwmm.org\\\/en\\\/the-amnesty-international-austrias-report-of-from-evin-with-love-exposition-in-vienna\\\/#article\",\"isPartOf\":{\"@id\":\"https:\\\/\\\/www.irwmm.org\\\/en\\\/the-amnesty-international-austrias-report-of-from-evin-with-love-exposition-in-vienna\\\/\"},\"author\":{\"name\":\"AL\",\"@id\":\"https:\\\/\\\/www.irwmm.org\\\/en\\\/#\\\/schema\\\/person\\\/5c29c0cc928cc231822b0d8189f81d6e\"},\"headline\":\"The Amnesty International Austria&#8217;s report of &#8220;From Evin with Love&#8221; exposition in Vienna\",\"datePublished\":\"2022-06-15T11:41:00+00:00\",\"dateModified\":\"2022-07-10T10:35:52+00:00\",\"mainEntityOfPage\":{\"@id\":\"https:\\\/\\\/www.irwmm.org\\\/en\\\/the-amnesty-international-austrias-report-of-from-evin-with-love-exposition-in-vienna\\\/\"},\"wordCount\":509,\"commentCount\":0,\"publisher\":{\"@id\":\"https:\\\/\\\/www.irwmm.org\\\/en\\\/#organization\"},\"image\":{\"@id\":\"https:\\\/\\\/www.irwmm.org\\\/en\\\/the-amnesty-international-austrias-report-of-from-evin-with-love-exposition-in-vienna\\\/#primaryimage\"},\"thumbnailUrl\":\"https:\\\/\\\/www.irwmm.org\\\/en\\\/wp-content\\\/uploads\\\/2022\\\/07\\\/Screenshot-2022-07-09-130611.png\",\"keywords\":[\"Amnesty\",\"Amnesty International\",\"From Evin with love\",\"Vienna\"],\"articleSection\":[\"IRWMM in media\"],\"inLanguage\":\"en-US\",\"potentialAction\":[{\"@type\":\"CommentAction\",\"name\":\"Comment\",\"target\":[\"https:\\\/\\\/www.irwmm.org\\\/en\\\/the-amnesty-international-austrias-report-of-from-evin-with-love-exposition-in-vienna\\\/#respond\"]}]},{\"@type\":\"WebPage\",\"@id\":\"https:\\\/\\\/www.irwmm.org\\\/en\\\/the-amnesty-international-austrias-report-of-from-evin-with-love-exposition-in-vienna\\\/\",\"url\":\"https:\\\/\\\/www.irwmm.org\\\/en\\\/the-amnesty-international-austrias-report-of-from-evin-with-love-exposition-in-vienna\\\/\",\"name\":\"The Amnesty International Austria's report of \\\"From Evin with Love\\\" exposition in Vienna - IRWMM\",\"isPartOf\":{\"@id\":\"https:\\\/\\\/www.irwmm.org\\\/en\\\/#website\"},\"primaryImageOfPage\":{\"@id\":\"https:\\\/\\\/www.irwmm.org\\\/en\\\/the-amnesty-international-austrias-report-of-from-evin-with-love-exposition-in-vienna\\\/#primaryimage\"},\"image\":{\"@id\":\"https:\\\/\\\/www.irwmm.org\\\/en\\\/the-amnesty-international-austrias-report-of-from-evin-with-love-exposition-in-vienna\\\/#primaryimage\"},\"thumbnailUrl\":\"https:\\\/\\\/www.irwmm.org\\\/en\\\/wp-content\\\/uploads\\\/2022\\\/07\\\/Screenshot-2022-07-09-130611.png\",\"datePublished\":\"2022-06-15T11:41:00+00:00\",\"dateModified\":\"2022-07-10T10:35:52+00:00\",\"breadcrumb\":{\"@id\":\"https:\\\/\\\/www.irwmm.org\\\/en\\\/the-amnesty-international-austrias-report-of-from-evin-with-love-exposition-in-vienna\\\/#breadcrumb\"},\"inLanguage\":\"en-US\",\"potentialAction\":[{\"@type\":\"ReadAction\",\"target\":[\"https:\\\/\\\/www.irwmm.org\\\/en\\\/the-amnesty-international-austrias-report-of-from-evin-with-love-exposition-in-vienna\\\/\"]}]},{\"@type\":\"ImageObject\",\"inLanguage\":\"en-US\",\"@id\":\"https:\\\/\\\/www.irwmm.org\\\/en\\\/the-amnesty-international-austrias-report-of-from-evin-with-love-exposition-in-vienna\\\/#primaryimage\",\"url\":\"https:\\\/\\\/www.irwmm.org\\\/en\\\/wp-content\\\/uploads\\\/2022\\\/07\\\/Screenshot-2022-07-09-130611.png\",\"contentUrl\":\"https:\\\/\\\/www.irwmm.org\\\/en\\\/wp-content\\\/uploads\\\/2022\\\/07\\\/Screenshot-2022-07-09-130611.png\",\"width\":785,\"height\":520},{\"@type\":\"BreadcrumbList\",\"@id\":\"https:\\\/\\\/www.irwmm.org\\\/en\\\/the-amnesty-international-austrias-report-of-from-evin-with-love-exposition-in-vienna\\\/#breadcrumb\",\"itemListElement\":[{\"@type\":\"ListItem\",\"position\":1,\"name\":\"Home\",\"item\":\"https:\\\/\\\/www.irwmm.org\\\/en\\\/\"},{\"@type\":\"ListItem\",\"position\":2,\"name\":\"The Amnesty International Austria&#8217;s report of &#8220;From Evin with Love&#8221; exposition in Vienna\"}]},{\"@type\":\"WebSite\",\"@id\":\"https:\\\/\\\/www.irwmm.org\\\/en\\\/#website\",\"url\":\"https:\\\/\\\/www.irwmm.org\\\/en\\\/\",\"name\":\"IRWMM\",\"description\":\"THE MUSEUM OF IRANIAN WOMEN&#039;S MOVEMENT\",\"publisher\":{\"@id\":\"https:\\\/\\\/www.irwmm.org\\\/en\\\/#organization\"},\"potentialAction\":[{\"@type\":\"SearchAction\",\"target\":{\"@type\":\"EntryPoint\",\"urlTemplate\":\"https:\\\/\\\/www.irwmm.org\\\/en\\\/?s={search_term_string}\"},\"query-input\":{\"@type\":\"PropertyValueSpecification\",\"valueRequired\":true,\"valueName\":\"search_term_string\"}}],\"inLanguage\":\"en-US\"},{\"@type\":\"Organization\",\"@id\":\"https:\\\/\\\/www.irwmm.org\\\/en\\\/#organization\",\"name\":\"IRWMM\",\"url\":\"https:\\\/\\\/www.irwmm.org\\\/en\\\/\",\"logo\":{\"@type\":\"ImageObject\",\"inLanguage\":\"en-US\",\"@id\":\"https:\\\/\\\/www.irwmm.org\\\/en\\\/#\\\/schema\\\/logo\\\/image\\\/\",\"url\":\"https:\\\/\\\/www.irwmm.org\\\/en\\\/wp-content\\\/uploads\\\/2021\\\/12\\\/logo.png\",\"contentUrl\":\"https:\\\/\\\/www.irwmm.org\\\/en\\\/wp-content\\\/uploads\\\/2021\\\/12\\\/logo.png\",\"width\":500,\"height\":500,\"caption\":\"IRWMM\"},\"image\":{\"@id\":\"https:\\\/\\\/www.irwmm.org\\\/en\\\/#\\\/schema\\\/logo\\\/image\\\/\"},\"sameAs\":[\"https:\\\/\\\/www.instagram.com\\\/iranwomenmuseum\\\/\"]},{\"@type\":\"Person\",\"@id\":\"https:\\\/\\\/www.irwmm.org\\\/en\\\/#\\\/schema\\\/person\\\/5c29c0cc928cc231822b0d8189f81d6e\",\"name\":\"AL\",\"image\":{\"@type\":\"ImageObject\",\"inLanguage\":\"en-US\",\"@id\":\"https:\\\/\\\/secure.gravatar.com\\\/avatar\\\/714c9a0ca0b1d35465802186c20a29230ee2c23e70a83428aff73242ec9a5c44?s=96&d=mm&r=g\",\"url\":\"https:\\\/\\\/secure.gravatar.com\\\/avatar\\\/714c9a0ca0b1d35465802186c20a29230ee2c23e70a83428aff73242ec9a5c44?s=96&d=mm&r=g\",\"contentUrl\":\"https:\\\/\\\/secure.gravatar.com\\\/avatar\\\/714c9a0ca0b1d35465802186c20a29230ee2c23e70a83428aff73242ec9a5c44?s=96&d=mm&r=g\",\"caption\":\"AL\"},\"sameAs\":[\"https:\\\/\\\/www.irwmm.org\"],\"url\":\"https:\\\/\\\/www.irwmm.org\\\/en\\\/author\\\/ali\\\/\"}]}<\/script>\n<!-- \/ Yoast SEO plugin. -->","yoast_head_json":{"title":"The Amnesty International Austria's report of \"From Evin with Love\" exposition in Vienna - IRWMM","robots":{"index":"index","follow":"follow","max-snippet":"max-snippet:-1","max-image-preview":"max-image-preview:large","max-video-preview":"max-video-preview:-1"},"canonical":"https:\/\/www.irwmm.org\/en\/the-amnesty-international-austrias-report-of-from-evin-with-love-exposition-in-vienna\/","og_locale":"en_US","og_type":"article","og_title":"The Amnesty International Austria's report of \"From Evin with Love\" exposition in Vienna - IRWMM","og_description":"Amnesty - The exhibition \"From Evin with Love\" in Vienna's Folklore Museum in May, was touching, disturbing and in any case unusual. The exhibition presented handicrafts made by women, imprisoned in Tehran's notorious prisons.","og_url":"https:\/\/www.irwmm.org\/en\/the-amnesty-international-austrias-report-of-from-evin-with-love-exposition-in-vienna\/","og_site_name":"IRWMM","article_published_time":"2022-06-15T11:41:00+00:00","article_modified_time":"2022-07-10T10:35:52+00:00","og_image":[{"width":785,"height":520,"url":"https:\/\/www.irwmm.org\/en\/wp-content\/uploads\/2022\/07\/Screenshot-2022-07-09-130611.png","type":"image\/png"}],"author":"AL","twitter_card":"summary_large_image","twitter_misc":{"Written by":"AL","Est. reading time":"2 minutes"},"schema":{"@context":"https:\/\/schema.org","@graph":[{"@type":"Article","@id":"https:\/\/www.irwmm.org\/en\/the-amnesty-international-austrias-report-of-from-evin-with-love-exposition-in-vienna\/#article","isPartOf":{"@id":"https:\/\/www.irwmm.org\/en\/the-amnesty-international-austrias-report-of-from-evin-with-love-exposition-in-vienna\/"},"author":{"name":"AL","@id":"https:\/\/www.irwmm.org\/en\/#\/schema\/person\/5c29c0cc928cc231822b0d8189f81d6e"},"headline":"The Amnesty International Austria&#8217;s report of &#8220;From Evin with Love&#8221; exposition in Vienna","datePublished":"2022-06-15T11:41:00+00:00","dateModified":"2022-07-10T10:35:52+00:00","mainEntityOfPage":{"@id":"https:\/\/www.irwmm.org\/en\/the-amnesty-international-austrias-report-of-from-evin-with-love-exposition-in-vienna\/"},"wordCount":509,"commentCount":0,"publisher":{"@id":"https:\/\/www.irwmm.org\/en\/#organization"},"image":{"@id":"https:\/\/www.irwmm.org\/en\/the-amnesty-international-austrias-report-of-from-evin-with-love-exposition-in-vienna\/#primaryimage"},"thumbnailUrl":"https:\/\/www.irwmm.org\/en\/wp-content\/uploads\/2022\/07\/Screenshot-2022-07-09-130611.png","keywords":["Amnesty","Amnesty International","From Evin with love","Vienna"],"articleSection":["IRWMM in media"],"inLanguage":"en-US","potentialAction":[{"@type":"CommentAction","name":"Comment","target":["https:\/\/www.irwmm.org\/en\/the-amnesty-international-austrias-report-of-from-evin-with-love-exposition-in-vienna\/#respond"]}]},{"@type":"WebPage","@id":"https:\/\/www.irwmm.org\/en\/the-amnesty-international-austrias-report-of-from-evin-with-love-exposition-in-vienna\/","url":"https:\/\/www.irwmm.org\/en\/the-amnesty-international-austrias-report-of-from-evin-with-love-exposition-in-vienna\/","name":"The Amnesty International Austria's report of \"From Evin with Love\" exposition in Vienna - IRWMM","isPartOf":{"@id":"https:\/\/www.irwmm.org\/en\/#website"},"primaryImageOfPage":{"@id":"https:\/\/www.irwmm.org\/en\/the-amnesty-international-austrias-report-of-from-evin-with-love-exposition-in-vienna\/#primaryimage"},"image":{"@id":"https:\/\/www.irwmm.org\/en\/the-amnesty-international-austrias-report-of-from-evin-with-love-exposition-in-vienna\/#primaryimage"},"thumbnailUrl":"https:\/\/www.irwmm.org\/en\/wp-content\/uploads\/2022\/07\/Screenshot-2022-07-09-130611.png","datePublished":"2022-06-15T11:41:00+00:00","dateModified":"2022-07-10T10:35:52+00:00","breadcrumb":{"@id":"https:\/\/www.irwmm.org\/en\/the-amnesty-international-austrias-report-of-from-evin-with-love-exposition-in-vienna\/#breadcrumb"},"inLanguage":"en-US","potentialAction":[{"@type":"ReadAction","target":["https:\/\/www.irwmm.org\/en\/the-amnesty-international-austrias-report-of-from-evin-with-love-exposition-in-vienna\/"]}]},{"@type":"ImageObject","inLanguage":"en-US","@id":"https:\/\/www.irwmm.org\/en\/the-amnesty-international-austrias-report-of-from-evin-with-love-exposition-in-vienna\/#primaryimage","url":"https:\/\/www.irwmm.org\/en\/wp-content\/uploads\/2022\/07\/Screenshot-2022-07-09-130611.png","contentUrl":"https:\/\/www.irwmm.org\/en\/wp-content\/uploads\/2022\/07\/Screenshot-2022-07-09-130611.png","width":785,"height":520},{"@type":"BreadcrumbList","@id":"https:\/\/www.irwmm.org\/en\/the-amnesty-international-austrias-report-of-from-evin-with-love-exposition-in-vienna\/#breadcrumb","itemListElement":[{"@type":"ListItem","position":1,"name":"Home","item":"https:\/\/www.irwmm.org\/en\/"},{"@type":"ListItem","position":2,"name":"The Amnesty International Austria&#8217;s report of &#8220;From Evin with Love&#8221; exposition in Vienna"}]},{"@type":"WebSite","@id":"https:\/\/www.irwmm.org\/en\/#website","url":"https:\/\/www.irwmm.org\/en\/","name":"IRWMM","description":"THE MUSEUM OF IRANIAN WOMEN&#039;S MOVEMENT","publisher":{"@id":"https:\/\/www.irwmm.org\/en\/#organization"},"potentialAction":[{"@type":"SearchAction","target":{"@type":"EntryPoint","urlTemplate":"https:\/\/www.irwmm.org\/en\/?s={search_term_string}"},"query-input":{"@type":"PropertyValueSpecification","valueRequired":true,"valueName":"search_term_string"}}],"inLanguage":"en-US"},{"@type":"Organization","@id":"https:\/\/www.irwmm.org\/en\/#organization","name":"IRWMM","url":"https:\/\/www.irwmm.org\/en\/","logo":{"@type":"ImageObject","inLanguage":"en-US","@id":"https:\/\/www.irwmm.org\/en\/#\/schema\/logo\/image\/","url":"https:\/\/www.irwmm.org\/en\/wp-content\/uploads\/2021\/12\/logo.png","contentUrl":"https:\/\/www.irwmm.org\/en\/wp-content\/uploads\/2021\/12\/logo.png","width":500,"height":500,"caption":"IRWMM"},"image":{"@id":"https:\/\/www.irwmm.org\/en\/#\/schema\/logo\/image\/"},"sameAs":["https:\/\/www.instagram.com\/iranwomenmuseum\/"]},{"@type":"Person","@id":"https:\/\/www.irwmm.org\/en\/#\/schema\/person\/5c29c0cc928cc231822b0d8189f81d6e","name":"AL","image":{"@type":"ImageObject","inLanguage":"en-US","@id":"https:\/\/secure.gravatar.com\/avatar\/714c9a0ca0b1d35465802186c20a29230ee2c23e70a83428aff73242ec9a5c44?s=96&d=mm&r=g","url":"https:\/\/secure.gravatar.com\/avatar\/714c9a0ca0b1d35465802186c20a29230ee2c23e70a83428aff73242ec9a5c44?s=96&d=mm&r=g","contentUrl":"https:\/\/secure.gravatar.com\/avatar\/714c9a0ca0b1d35465802186c20a29230ee2c23e70a83428aff73242ec9a5c44?s=96&d=mm&r=g","caption":"AL"},"sameAs":["https:\/\/www.irwmm.org"],"url":"https:\/\/www.irwmm.org\/en\/author\/ali\/"}]}},"_links":{"self":[{"href":"https:\/\/www.irwmm.org\/en\/wp-json\/wp\/v2\/posts\/1837","targetHints":{"allow":["GET"]}}],"collection":[{"href":"https:\/\/www.irwmm.org\/en\/wp-json\/wp\/v2\/posts"}],"about":[{"href":"https:\/\/www.irwmm.org\/en\/wp-json\/wp\/v2\/types\/post"}],"author":[{"embeddable":true,"href":"https:\/\/www.irwmm.org\/en\/wp-json\/wp\/v2\/users\/1"}],"replies":[{"embeddable":true,"href":"https:\/\/www.irwmm.org\/en\/wp-json\/wp\/v2\/comments?post=1837"}],"version-history":[{"count":5,"href":"https:\/\/www.irwmm.org\/en\/wp-json\/wp\/v2\/posts\/1837\/revisions"}],"predecessor-version":[{"id":1859,"href":"https:\/\/www.irwmm.org\/en\/wp-json\/wp\/v2\/posts\/1837\/revisions\/1859"}],"wp:featuredmedia":[{"embeddable":true,"href":"https:\/\/www.irwmm.org\/en\/wp-json\/wp\/v2\/media\/1838"}],"wp:attachment":[{"href":"https:\/\/www.irwmm.org\/en\/wp-json\/wp\/v2\/media?parent=1837"}],"wp:term":[{"taxonomy":"category","embeddable":true,"href":"https:\/\/www.irwmm.org\/en\/wp-json\/wp\/v2\/categories?post=1837"},{"taxonomy":"post_tag","embeddable":true,"href":"https:\/\/www.irwmm.org\/en\/wp-json\/wp\/v2\/tags?post=1837"}],"curies":[{"name":"wp","href":"https:\/\/api.w.org\/{rel}","templated":true}]}}